{"id":3384,"date":"2023-07-17T18:14:13","date_gmt":"2023-07-17T16:14:13","guid":{"rendered":"https:\/\/www.icob.de\/?p=3384"},"modified":"2023-07-17T23:27:21","modified_gmt":"2023-07-17T21:27:21","slug":"bueroimmobilie-bic-frankfurt-oder","status":"publish","type":"post","link":"https:\/\/www.icob.de\/pl\/bueroimmobilie-bic-frankfurt-oder\/","title":{"rendered":"Pomieszczenia biurowe w BiC.space"},"content":{"rendered":"<p>Nowoczesne formy pracy wymagaj\u0105 zmiennej powierzchni biurowej, kt\u00f3ra dostosowuje si\u0119 do u\u017cytkownika, jego zespo\u0142\u00f3w i projekt\u00f3w.\u00a0<span class=\"jCAhz ChMk0b\"><span class=\"ryNqvb\">Niezale\u017cnie od tego, czy jest to biuro kom\u00f3rkowe, open czy multispace, klasyczny modu\u0142 biurowy czy biuro serwisowe z infrastruktur\u0105 typu plug-in, budynek BIC w Parku Technologicznym Ostbrandenburg we Frankfurcie nad Odr\u0105 oferuje tak\u0105 elastyczno\u015b\u0107.<\/span><\/span>\u00a0<span class=\"jCAhz ChMk0b\"><span class=\"ryNqvb\">Firmy i start-upy mog\u0105 wynajmowa\u0107 powierzchnie biurowe w pe\u0142nej elastyczno\u015bci \u2013 samodzielnie, w parach, w zespole lub dla ca\u0142ej firmy, umeblowane lub nie.<\/span><\/span><\/p>\n<h4>Og\u00f3lne informacje:<\/h4>\n<p><strong>Im Technologiepark 1<\/strong><br \/>\n<strong> 15236 Frankfurt (Oder)<\/strong><\/p>\n<p><strong>Powierzchnia u\u017cytkowa:<\/strong> 20 &#8211; 400 m\u00b2<br \/>\n<strong>Powierzchnia podzielna od:<\/strong> do uzgodnienia<br \/>\n<strong>Po\u0142o\u017cenie:<\/strong> bezpo\u015brednio w parku technologicznym we Frankfurcie nad Odr\u0105<br \/>\n<strong>Wynajem:<\/strong> natychmiast, do uzgodnienia<\/p>\n<p><strong>Przyk\u0142ady u\u017cytkowania:<\/strong><\/p>\n<ul>\n<li>do cel\u00f3w biznesowych, biurowych, administracyjnych<\/li>\n<li>biura pojedyncze lub wielkopowierzchniowe<\/li>\n<\/ul>\n<p><strong>Cechy szczeg\u00f3lne<br \/>\n<\/strong><\/p>\n<ul>\n<li>Sale konferencyjne do 200 os\u00f3b<\/li>\n<li>du\u017ca ilo\u015b\u0107 miejsc parkingowych<\/li>\n<\/ul>\n<p><strong>Po\u0142\u0105czenie logistyczne<br \/>\n<\/strong><\/p>\n<p>Autostrada: 2 km<br \/>\nDroga federalna: 1 km<br \/>\nLotnisko (BER): 85 km<br \/>\nKolej: 5 km<br \/>\nPort rzeczny: 30 km<br \/>\nDo Berlina: 92 km<br \/>\nDo Hamburga: 350 km<br \/>\nDo Monachium: 620 km<br \/>\nDo Warszawy: 500 km<\/p>\n<p><strong>Infrastruktura techniczna na miejscu<\/strong><\/p>\n<p>Internet: tak<br \/>\nZaopatrzenie w wod\u0119: tak<br \/>\nUsuwanie \u015bciek\u00f3w: tak<br \/>\nZaopatrzenie w gaz: tak<br \/>\nZaopatrzenie w energi\u0119 elektryczn\u0105: tak<br \/>\nPo\u0142\u0105czenie komunikacyjne: tak<br \/>\nParking: tak<\/p>\n<p><strong>Odleg\u0142o\u015b\u0107 do lokalnego publicznego transportu pasa\u017cerskiego<\/strong><\/p>\n<p>DB-dworzec kolejowy: 5 km<br \/>\nAutobus: 0,2 km<br \/>\nTramwaj: 0,2 km<\/p>\n<hr \/>\n<h4>Galeria:<\/h4>\n<p><a href=\"https:\/\/www.icob.de\/wp-content\/uploads\/immo_buero_bic_2_lobby.jpg\"><img loading=\"lazy\" decoding=\"async\" class=\"alignnone wp-image-3386 size-thumbnail\" src=\"https:\/\/www.icob.de\/wp-content\/uploads\/immo_buero_bic_2_lobby-295x185.jpg\" alt=\"\" width=\"295\" height=\"185\" srcset=\"https:\/\/www.icob.de\/wp-content\/uploads\/immo_buero_bic_2_lobby-295x185.jpg 295w, https:\/\/www.icob.de\/wp-content\/uploads\/immo_buero_bic_2_lobby-343x215.jpg 343w\" sizes=\"auto, (max-width: 295px) 100vw, 295px\" \/><\/a><a href=\"https:\/\/www.icob.de\/wp-content\/uploads\/immo_buero_bic_3_krklein.jpg\"><img loading=\"lazy\" decoding=\"async\" class=\"alignnone wp-image-3387 size-thumbnail\" src=\"https:\/\/www.icob.de\/wp-content\/uploads\/immo_buero_bic_3_krklein-295x185.jpg\" alt=\"\" width=\"295\" height=\"185\" srcset=\"https:\/\/www.icob.de\/wp-content\/uploads\/immo_buero_bic_3_krklein-295x185.jpg 295w, https:\/\/www.icob.de\/wp-content\/uploads\/immo_buero_bic_3_krklein-343x215.jpg 343w\" sizes=\"auto, (max-width: 295px) 100vw, 295px\" \/><\/a><a href=\"https:\/\/www.icob.de\/wp-content\/uploads\/immo_buero_bic_3_krklein.jpg\"><img loading=\"lazy\" decoding=\"async\" class=\"alignnone wp-image-3388 size-thumbnail\" src=\"https:\/\/www.icob.de\/wp-content\/uploads\/immo_buero_bic_4_krgross-295x185.jpg\" alt=\"\" width=\"295\" height=\"185\" srcset=\"https:\/\/www.icob.de\/wp-content\/uploads\/immo_buero_bic_4_krgross-295x185.jpg 295w, https:\/\/www.icob.de\/wp-content\/uploads\/immo_buero_bic_4_krgross-343x215.jpg 343w\" sizes=\"auto, (max-width: 295px) 100vw, 295px\" \/><\/a><a href=\"https:\/\/www.icob.de\/wp-content\/uploads\/immo_buero_bic_5_krsaal.jpg\"><img loading=\"lazy\" decoding=\"async\" class=\"alignnone wp-image-3389 size-thumbnail\" src=\"https:\/\/www.icob.de\/wp-content\/uploads\/immo_buero_bic_5_krsaal-295x185.jpg\" alt=\"\" width=\"295\" height=\"185\" srcset=\"https:\/\/www.icob.de\/wp-content\/uploads\/immo_buero_bic_5_krsaal-295x185.jpg 295w, https:\/\/www.icob.de\/wp-content\/uploads\/immo_buero_bic_5_krsaal-343x215.jpg 343w\" sizes=\"auto, (max-width: 295px) 100vw, 295px\" \/><\/a><\/p>\n<hr \/>\n<h4>Kontakt:<\/h4>\n<p>Aby uzyska\u0107 wi\u0119cej informacji, <a href=\"https:\/\/www.icob.de\/pl\/ansprechpartner\/\">prosimy o kontakt<\/a>! Ch\u0119tnie przygotujemy szczeg\u00f3\u0142ow\u0105 ofert\u0119!<\/p>\n<hr \/>\n<p><iframe loading=\"lazy\" style=\"border: 0;\" src=\"https:\/\/www.google.com\/maps\/embed?pb=!1m18!1m12!1m3!1d2438.9630722422767!2d14.492720615905617!3d52.3166725797763!2m3!1f0!2f0!3f0!3m2!1i1024!2i768!4f13.1!3m3!1m2!1s0x470797848e82a813%3A0x8faa5566b6e54624!2sIm%20Technologiepark%201%2C%2015236%20Frankfurt%20(Oder)!5e0!3m2!1sde!2sde!4v1638348802103!5m2!1sde!2sde\" width=\"600\" height=\"450\" allowfullscreen=\"allowfullscreen\"><\/iframe><\/p>","protected":false},"excerpt":{"rendered":"<p>Nowoczesne formy pracy wymagaj\u0105 zmiennej powierzchni biurowej, kt\u00f3ra dostosowuje si\u0119 do u\u017cytkownika, jego zespo\u0142\u00f3w i projekt\u00f3w.\u00a0Niezale\u017cnie od tego, czy jest to biuro kom\u00f3rkowe, open czy multispace, klasyczny modu\u0142 biurowy czy biuro serwisowe z infrastruktur\u0105 typu plug-in, budynek BIC w Parku Technologicznym Ostbrandenburg we Frankfurcie nad Odr\u0105 oferuje tak\u0105 elastyczno\u015b\u0107.\u00a0Firmy i start-upy mog\u0105 wynajmowa\u0107 powierzchnie biurowe<\/p>\n","protected":false},"author":2,"featured_media":3396,"comment_status":"open","ping_status":"open","sticky":false,"template":"","format":"standard","meta":{"footnotes":""},"categories":[22],"tags":[],"class_list":["post-3384","post","type-post","status-publish","format-standard","has-post-thumbnail","category-immobilie-in-frankfurt-oder"],"yoast_head":"<!-- This site is optimized with the Yoast SEO plugin v28.1 - https:\/\/yoast.com\/product\/yoast-seo-wordpress\/ -->\n<title>Pomieszczenia biurowe w BiC.space - ICOB :: Investor Center Ostbrandenburg GmbH<\/title>\n<meta name=\"robots\" content=\"index, follow, max-snippet:-1, max-image-preview:large, max-video-preview:-1\" \/>\n<link rel=\"canonical\" href=\"https:\/\/www.icob.de\/bueroimmobilie-bic-frankfurt-oder\/\" \/>\n<meta property=\"og:locale\" content=\"pl_PL\" \/>\n<meta property=\"og:type\" content=\"article\" \/>\n<meta property=\"og:title\" content=\"[:de]B\u00fcroimmobilie BiC.space[:en]Office building BiC.space[:pl]Pomieszczenia biurowe w BiC.space[:] - ICOB :: Investor Center Ostbrandenburg GmbH\" \/>\n<meta property=\"og:description\" content=\"Nowoczesne formy pracy wymagaj\u0105 zmiennej powierzchni biurowej, kt\u00f3ra dostosowuje si\u0119 do u\u017cytkownika, jego zespo\u0142\u00f3w i projekt\u00f3w.\u00a0Niezale\u017cnie od tego, czy jest to biuro kom\u00f3rkowe, open czy multispace, klasyczny modu\u0142 biurowy czy biuro serwisowe z infrastruktur\u0105 typu plug-in, budynek BIC w Parku Technologicznym Ostbrandenburg we Frankfurcie nad Odr\u0105 oferuje tak\u0105 elastyczno\u015b\u0107.\u00a0Firmy i start-upy mog\u0105 wynajmowa\u0107 powierzchnie biurowe\" \/>\n<meta property=\"og:url\" content=\"https:\/\/www.icob.de\/bueroimmobilie-bic-frankfurt-oder\/\" \/>\n<meta property=\"og:site_name\" content=\"ICOB :: Investor Center Ostbrandenburg GmbH\" \/>\n<meta property=\"article:published_time\" content=\"2023-07-17T16:14:13+00:00\" \/>\n<meta property=\"article:modified_time\" content=\"2023-07-17T21:27:21+00:00\" \/>\n<meta property=\"og:image\" content=\"https:\/\/www.icob.de\/wp-content\/uploads\/immo_buero_bic_6_titel.jpg\" \/>\n\t<meta property=\"og:image:width\" content=\"1843\" \/>\n\t<meta property=\"og:image:height\" content=\"768\" \/>\n\t<meta property=\"og:image:type\" content=\"image\/jpeg\" \/>\n<meta name=\"author\" content=\"Christopher N\u00fc\u00dflein\" \/>\n<meta name=\"twitter:card\" content=\"summary_large_image\" \/>\n<meta name=\"twitter:label1\" content=\"Napisane przez\" \/>\n\t<meta name=\"twitter:data1\" content=\"Christopher N\u00fc\u00dflein\" \/>\n\t<meta name=\"twitter:label2\" content=\"Szacowany czas czytania\" \/>\n\t<meta name=\"twitter:data2\" content=\"2 minuty\" \/>\n<script type=\"application\/ld+json\" class=\"yoast-schema-graph\">{\"@context\":\"https:\\\/\\\/schema.org\",\"@graph\":[{\"@type\":\"Article\",\"@id\":\"https:\\\/\\\/www.icob.de\\\/bueroimmobilie-bic-frankfurt-oder\\\/#article\",\"isPartOf\":{\"@id\":\"https:\\\/\\\/www.icob.de\\\/bueroimmobilie-bic-frankfurt-oder\\\/\"},\"author\":{\"name\":\"Christopher N\u00fc\u00dflein\",\"@id\":\"https:\\\/\\\/www.icob.de\\\/#\\\/schema\\\/person\\\/3ca1709f8d27d69da6edf955d2ec1850\"},\"headline\":\"Pomieszczenia biurowe w BiC.space\",\"datePublished\":\"2023-07-17T16:14:13+00:00\",\"dateModified\":\"2023-07-17T21:27:21+00:00\",\"mainEntityOfPage\":{\"@id\":\"https:\\\/\\\/www.icob.de\\\/bueroimmobilie-bic-frankfurt-oder\\\/\"},\"wordCount\":648,\"commentCount\":0,\"image\":{\"@id\":\"https:\\\/\\\/www.icob.de\\\/bueroimmobilie-bic-frankfurt-oder\\\/#primaryimage\"},\"thumbnailUrl\":\"https:\\\/\\\/www.icob.de\\\/wp-content\\\/uploads\\\/immo_buero_bic_6_titel.jpg\",\"articleSection\":[\"Immobilie in Frankfurt (Oder)\"],\"inLanguage\":\"pl-PL\",\"potentialAction\":[{\"@type\":\"CommentAction\",\"name\":\"Comment\",\"target\":[\"https:\\\/\\\/www.icob.de\\\/bueroimmobilie-bic-frankfurt-oder\\\/#respond\"]}]},{\"@type\":\"WebPage\",\"@id\":\"https:\\\/\\\/www.icob.de\\\/bueroimmobilie-bic-frankfurt-oder\\\/\",\"url\":\"https:\\\/\\\/www.icob.de\\\/bueroimmobilie-bic-frankfurt-oder\\\/\",\"name\":\"[:de]B\u00fcroimmobilie BiC.space[:en]Office building BiC.space[:pl]Pomieszczenia biurowe w BiC.space[:] - ICOB :: Investor Center Ostbrandenburg GmbH\",\"isPartOf\":{\"@id\":\"https:\\\/\\\/www.icob.de\\\/#website\"},\"primaryImageOfPage\":{\"@id\":\"https:\\\/\\\/www.icob.de\\\/bueroimmobilie-bic-frankfurt-oder\\\/#primaryimage\"},\"image\":{\"@id\":\"https:\\\/\\\/www.icob.de\\\/bueroimmobilie-bic-frankfurt-oder\\\/#primaryimage\"},\"thumbnailUrl\":\"https:\\\/\\\/www.icob.de\\\/wp-content\\\/uploads\\\/immo_buero_bic_6_titel.jpg\",\"datePublished\":\"2023-07-17T16:14:13+00:00\",\"dateModified\":\"2023-07-17T21:27:21+00:00\",\"author\":{\"@id\":\"https:\\\/\\\/www.icob.de\\\/#\\\/schema\\\/person\\\/3ca1709f8d27d69da6edf955d2ec1850\"},\"breadcrumb\":{\"@id\":\"https:\\\/\\\/www.icob.de\\\/bueroimmobilie-bic-frankfurt-oder\\\/#breadcrumb\"},\"inLanguage\":\"pl-PL\",\"potentialAction\":[{\"@type\":\"ReadAction\",\"target\":[\"https:\\\/\\\/www.icob.de\\\/bueroimmobilie-bic-frankfurt-oder\\\/\"]}]},{\"@type\":\"ImageObject\",\"inLanguage\":\"pl-PL\",\"@id\":\"https:\\\/\\\/www.icob.de\\\/bueroimmobilie-bic-frankfurt-oder\\\/#primaryimage\",\"url\":\"https:\\\/\\\/www.icob.de\\\/wp-content\\\/uploads\\\/immo_buero_bic_6_titel.jpg\",\"contentUrl\":\"https:\\\/\\\/www.icob.de\\\/wp-content\\\/uploads\\\/immo_buero_bic_6_titel.jpg\",\"width\":1843,\"height\":768},{\"@type\":\"BreadcrumbList\",\"@id\":\"https:\\\/\\\/www.icob.de\\\/bueroimmobilie-bic-frankfurt-oder\\\/#breadcrumb\",\"itemListElement\":[{\"@type\":\"ListItem\",\"position\":1,\"name\":\"Startseite\",\"item\":\"https:\\\/\\\/www.icob.de\\\/\"},{\"@type\":\"ListItem\",\"position\":2,\"name\":\"B\u00fcroimmobilie BiC.space\"}]},{\"@type\":\"WebSite\",\"@id\":\"https:\\\/\\\/www.icob.de\\\/#website\",\"url\":\"https:\\\/\\\/www.icob.de\\\/\",\"name\":\"ICOB :: Investor Center Ostbrandenburg GmbH\",\"description\":\"\",\"potentialAction\":[{\"@type\":\"SearchAction\",\"target\":{\"@type\":\"EntryPoint\",\"urlTemplate\":\"https:\\\/\\\/www.icob.de\\\/?s={search_term_string}\"},\"query-input\":{\"@type\":\"PropertyValueSpecification\",\"valueRequired\":true,\"valueName\":\"search_term_string\"}}],\"inLanguage\":\"pl-PL\"},{\"@type\":\"Person\",\"@id\":\"https:\\\/\\\/www.icob.de\\\/#\\\/schema\\\/person\\\/3ca1709f8d27d69da6edf955d2ec1850\",\"name\":\"Christopher N\u00fc\u00dflein\",\"url\":\"https:\\\/\\\/www.icob.de\\\/pl\\\/author\\\/nuesslein\\\/\"}]}<\/script>\n<!-- \/ Yoast SEO plugin. -->","yoast_head_json":{"title":"[:de]B\u00fcroimmobilie BiC.space[:en]Office building BiC.space[:pl]Pomieszczenia biurowe w BiC.space[:] - ICOB :: Investor Center Ostbrandenburg GmbH","robots":{"index":"index","follow":"follow","max-snippet":"max-snippet:-1","max-image-preview":"max-image-preview:large","max-video-preview":"max-video-preview:-1"},"canonical":"https:\/\/www.icob.de\/bueroimmobilie-bic-frankfurt-oder\/","og_locale":"pl_PL","og_type":"article","og_title":"[:de]B\u00fcroimmobilie BiC.space[:en]Office building BiC.space[:pl]Pomieszczenia biurowe w BiC.space[:] - ICOB :: Investor Center Ostbrandenburg GmbH","og_description":"Nowoczesne formy pracy wymagaj\u0105 zmiennej powierzchni biurowej, kt\u00f3ra dostosowuje si\u0119 do u\u017cytkownika, jego zespo\u0142\u00f3w i projekt\u00f3w.\u00a0Niezale\u017cnie od tego, czy jest to biuro kom\u00f3rkowe, open czy multispace, klasyczny modu\u0142 biurowy czy biuro serwisowe z infrastruktur\u0105 typu plug-in, budynek BIC w Parku Technologicznym Ostbrandenburg we Frankfurcie nad Odr\u0105 oferuje tak\u0105 elastyczno\u015b\u0107.\u00a0Firmy i start-upy mog\u0105 wynajmowa\u0107 powierzchnie biurowe","og_url":"https:\/\/www.icob.de\/bueroimmobilie-bic-frankfurt-oder\/","og_site_name":"ICOB :: Investor Center Ostbrandenburg GmbH","article_published_time":"2023-07-17T16:14:13+00:00","article_modified_time":"2023-07-17T21:27:21+00:00","og_image":[{"width":1843,"height":768,"url":"https:\/\/www.icob.de\/wp-content\/uploads\/immo_buero_bic_6_titel.jpg","type":"image\/jpeg"}],"author":"Christopher N\u00fc\u00dflein","twitter_card":"summary_large_image","twitter_misc":{"Napisane przez":"Christopher N\u00fc\u00dflein","Szacowany czas czytania":"2 minuty"},"schema":{"@context":"https:\/\/schema.org","@graph":[{"@type":"Article","@id":"https:\/\/www.icob.de\/bueroimmobilie-bic-frankfurt-oder\/#article","isPartOf":{"@id":"https:\/\/www.icob.de\/bueroimmobilie-bic-frankfurt-oder\/"},"author":{"name":"Christopher N\u00fc\u00dflein","@id":"https:\/\/www.icob.de\/#\/schema\/person\/3ca1709f8d27d69da6edf955d2ec1850"},"headline":"Pomieszczenia biurowe w BiC.space","datePublished":"2023-07-17T16:14:13+00:00","dateModified":"2023-07-17T21:27:21+00:00","mainEntityOfPage":{"@id":"https:\/\/www.icob.de\/bueroimmobilie-bic-frankfurt-oder\/"},"wordCount":648,"commentCount":0,"image":{"@id":"https:\/\/www.icob.de\/bueroimmobilie-bic-frankfurt-oder\/#primaryimage"},"thumbnailUrl":"https:\/\/www.icob.de\/wp-content\/uploads\/immo_buero_bic_6_titel.jpg","articleSection":["Immobilie in Frankfurt (Oder)"],"inLanguage":"pl-PL","potentialAction":[{"@type":"CommentAction","name":"Comment","target":["https:\/\/www.icob.de\/bueroimmobilie-bic-frankfurt-oder\/#respond"]}]},{"@type":"WebPage","@id":"https:\/\/www.icob.de\/bueroimmobilie-bic-frankfurt-oder\/","url":"https:\/\/www.icob.de\/bueroimmobilie-bic-frankfurt-oder\/","name":"[:de]B\u00fcroimmobilie BiC.space[:en]Office building BiC.space[:pl]Pomieszczenia biurowe w BiC.space[:] - ICOB :: Investor Center Ostbrandenburg GmbH","isPartOf":{"@id":"https:\/\/www.icob.de\/#website"},"primaryImageOfPage":{"@id":"https:\/\/www.icob.de\/bueroimmobilie-bic-frankfurt-oder\/#primaryimage"},"image":{"@id":"https:\/\/www.icob.de\/bueroimmobilie-bic-frankfurt-oder\/#primaryimage"},"thumbnailUrl":"https:\/\/www.icob.de\/wp-content\/uploads\/immo_buero_bic_6_titel.jpg","datePublished":"2023-07-17T16:14:13+00:00","dateModified":"2023-07-17T21:27:21+00:00","author":{"@id":"https:\/\/www.icob.de\/#\/schema\/person\/3ca1709f8d27d69da6edf955d2ec1850"},"breadcrumb":{"@id":"https:\/\/www.icob.de\/bueroimmobilie-bic-frankfurt-oder\/#breadcrumb"},"inLanguage":"pl-PL","potentialAction":[{"@type":"ReadAction","target":["https:\/\/www.icob.de\/bueroimmobilie-bic-frankfurt-oder\/"]}]},{"@type":"ImageObject","inLanguage":"pl-PL","@id":"https:\/\/www.icob.de\/bueroimmobilie-bic-frankfurt-oder\/#primaryimage","url":"https:\/\/www.icob.de\/wp-content\/uploads\/immo_buero_bic_6_titel.jpg","contentUrl":"https:\/\/www.icob.de\/wp-content\/uploads\/immo_buero_bic_6_titel.jpg","width":1843,"height":768},{"@type":"BreadcrumbList","@id":"https:\/\/www.icob.de\/bueroimmobilie-bic-frankfurt-oder\/#breadcrumb","itemListElement":[{"@type":"ListItem","position":1,"name":"Startseite","item":"https:\/\/www.icob.de\/"},{"@type":"ListItem","position":2,"name":"B\u00fcroimmobilie BiC.space"}]},{"@type":"WebSite","@id":"https:\/\/www.icob.de\/#website","url":"https:\/\/www.icob.de\/","name":"ICOB :: Investor Center Ostbrandenburg GmbH","description":"","potentialAction":[{"@type":"SearchAction","target":{"@type":"EntryPoint","urlTemplate":"https:\/\/www.icob.de\/?s={search_term_string}"},"query-input":{"@type":"PropertyValueSpecification","valueRequired":true,"valueName":"search_term_string"}}],"inLanguage":"pl-PL"},{"@type":"Person","@id":"https:\/\/www.icob.de\/#\/schema\/person\/3ca1709f8d27d69da6edf955d2ec1850","name":"Christopher N\u00fc\u00dflein","url":"https:\/\/www.icob.de\/pl\/author\/nuesslein\/"}]}},"_links":{"self":[{"href":"https:\/\/www.icob.de\/pl\/wp-json\/wp\/v2\/posts\/3384","targetHints":{"allow":["GET"]}}],"collection":[{"href":"https:\/\/www.icob.de\/pl\/wp-json\/wp\/v2\/posts"}],"about":[{"href":"https:\/\/www.icob.de\/pl\/wp-json\/wp\/v2\/types\/post"}],"author":[{"embeddable":true,"href":"https:\/\/www.icob.de\/pl\/wp-json\/wp\/v2\/users\/2"}],"replies":[{"embeddable":true,"href":"https:\/\/www.icob.de\/pl\/wp-json\/wp\/v2\/comments?post=3384"}],"version-history":[{"count":0,"href":"https:\/\/www.icob.de\/pl\/wp-json\/wp\/v2\/posts\/3384\/revisions"}],"wp:featuredmedia":[{"embeddable":true,"href":"https:\/\/www.icob.de\/pl\/wp-json\/wp\/v2\/media\/3396"}],"wp:attachment":[{"href":"https:\/\/www.icob.de\/pl\/wp-json\/wp\/v2\/media?parent=3384"}],"wp:term":[{"taxonomy":"category","embeddable":true,"href":"https:\/\/www.icob.de\/pl\/wp-json\/wp\/v2\/categories?post=3384"},{"taxonomy":"post_tag","embeddable":true,"href":"https:\/\/www.icob.de\/pl\/wp-json\/wp\/v2\/tags?post=3384"}],"curies":[{"name":"wp","href":"https:\/\/api.w.org\/{rel}","templated":true}]}}