{"id":2952,"date":"2021-03-24T13:19:09","date_gmt":"2021-03-24T11:19:09","guid":{"rendered":"https:\/\/www.icob.de\/?p=2952"},"modified":"2024-02-19T15:31:11","modified_gmt":"2024-02-19T13:31:11","slug":"goldbeck-baut-ersten-bauabschnitt-des-log-plaza-frankfurt-oder","status":"publish","type":"post","link":"https:\/\/www.icob.de\/pl\/goldbeck-baut-ersten-bauabschnitt-des-log-plaza-frankfurt-oder\/","title":{"rendered":"GOLDBECK BUDUJE PIERWSZ\u0104 CZ\u0118\u015a\u0106 LOG PLAZA FRANKFURT (ODER)"},"content":{"rendered":"<p><strong>R\u00f6srath\/Frankfurt (Oder), 23. M\u00e4rz 2021:<\/strong><\/p>\n<p>Firma ta zaprezentowa\u0142a lepsz\u0105 ofert\u0119 ni\u017c pi\u0119ciu innych konkurent\u00f3w, co pozwoli\u0142o na wygranie og\u00f3lnoniemieckiego post\u0119powania przetargowego. Do ko\u0144ca roku maj\u0105 zosta\u0107 uko\u0144czone 4 cz\u0119\u015bci hali w ramach Log Plaza Standard o \u0142\u0105cznej powierzchni 41 000 m2, a tak\u017ce 1900 m2 powierzchni biurowej i 2800 m2 powierzchni mezzanine. \u201ePandemia pokaza\u0142a, \u017ce w celu zapewnienia ci\u0105g\u0142o\u015bci w zaopatrzeniu ludno\u015bci i produkcji przemys\u0142owej, konieczne jest posiadanie magazyn\u00f3w w Niemczech. Rozmowy z r\u00f3\u017cnymi grupami u\u017cytkownik\u00f3w w ci\u0105gu ostatnich kilku tygodni i miesi\u0119cy pokaza\u0142y, \u017ce zapotrzebowanie na powierzchni\u0119 magazynow\u0105 jest na bardzo wysokim poziomie, ale niemo\u017cliwe do stworzenia na terenach istniej\u0105cych ju\u017c lokalizacji. Dotyczy to w szczeg\u00f3lno\u015bci bran\u017cy e-commerce, ale tak\u017ce magazyn\u00f3w buforowych. Dlatego zdecydowali\u015bmy si\u0119, troch\u0119 w \u015blepo, rozpocz\u0105\u0107 pierwszy etap budowy Log Plaza Frankfurt nad Odr\u0105\u201d- relacjonuje Anton Mertens, dyrektor zarz\u0105dzaj\u0105cy Alcaro Invest GmbH i dyrektor generalny OSMAB Holding AG.<br \/>\nT\u0105 decyzj\u0105 Alcaro reaguje r\u00f3wnie\u017c na kr\u00f3tkoterminowe zlecenia, kt\u00f3re od lat dominuj\u0105 w bran\u017cy logistycznej.<\/p>\n<p>\u201eWiele kontrakt\u00f3w w bran\u017cy logistycznej zlecanych jest przez klient\u00f3w jedynie z kilkumiesi\u0119cznym wyprzedzeniem.\u201d Doprowadza to do sytuacji, \u017ce w okresach najwi\u0119kszego zapotrzebowania na dost\u0119pne nieruchomo\u015bci logistyczne, ich dost\u0119pno\u015b\u0107 jest bardzo ograniczona i warunkowana czasem realizacji nowych projekt\u00f3w, wynosz\u0105cym od sze\u015bciu do dwunastu miesi\u0119cy. R\u00f3wnie\u017c my nie byli\u015bmy, z tego powodu, w stanie odpowiedzie\u0107 na niekt\u00f3re zapytania \u201d- m\u00f3wi Peter Bergmann, kierownik projektu w Alcaro. Dzi\u0119ki rozpocz\u0119ciu projektu budowlanego na pograniczu polsko-niemieckim, \u0142\u0105cz\u0105cego dwie du\u017ce gospodarki, Alcaro chce poszerzy\u0107 to w\u0105skie gard\u0142o i w momencie uko\u0144czenia zapewni\u0107 pewno\u015b\u0107 planowania. Do zespo\u0142u Alcaro do\u0142\u0105czy\u0142 Arne Haeger, jako kierownik projektu ds. technicznych dla Log Plaza Frankfurt (Oder).<\/p>\n<p>46-letni in\u017cynier budownictwa posiada 20-letnie do\u015bwiadczenie w bran\u017cy budowlanej. \u201eNasze plany zak\u0142adaj\u0105, \u017ce przyszli u\u017cytkownicy b\u0119d\u0105 mogli rozpocz\u0105\u0107 instalacj\u0119 swoich system\u00f3w intralogistycznych w czterech sekcjach hali od listopada 2021 roku. Ca\u0142kowite zako\u0144czenie pierwszego etapu budowy u\u017cywanej ca\u0142odobowo cz\u0119\u015bci hali o wysoko\u015bci 12 m UKB i obci\u0105\u017ceniu pod\u0142ogi 7,5 t\/m\u00b2 przewidziane jest na pierwszy kwarta\u0142 2022 r.\u201d \u2013 m\u00f3wi Arne Haeger. 23 marca 2021 r. nast\u0105pi\u0142o symboliczne przekazanie przez inwestora placu budowy generalnemu wykonawcy Goldbeck.<\/p>\n<p>Wcze\u015bniej zniwelowano dawn\u0105 powierzchni\u0119 postojow\u0105 dla ci\u0119\u017car\u00f3wek.<\/p>\n<p>Wi\u0119cej informacji mo\u017cna znale\u017a\u0107 online pod adresem <a href=\"https:\/\/www.alcaro.de\/projects\/log-plaza-frankfurt-oder\/\" target=\"_blank\" rel=\"noopener noreferrer\">www.alcaro.de<\/a> (link zewn\u0119trzny!).<\/p>\n<p>\u0179r\u00f3d\u0142o: Komunikatu prasowego Alcaro Invest GmbH<\/p>\n<p><img loading=\"lazy\" decoding=\"async\" class=\"alignleft wp-image-2953 size-thumbnail\" src=\"https:\/\/www.icob.de\/wp-content\/uploads\/20210321_alcaro_baufelduebergabe-295x185.jpg\" alt=\"\" width=\"295\" height=\"185\" srcset=\"https:\/\/www.icob.de\/wp-content\/uploads\/20210321_alcaro_baufelduebergabe-295x185.jpg 295w, https:\/\/www.icob.de\/wp-content\/uploads\/20210321_alcaro_baufelduebergabe-343x215.jpg 343w\" sizes=\"auto, (max-width: 295px) 100vw, 295px\" \/><strong>Zdj\u0119cie 1:<\/strong> Symboliczne przekazanie placu budowy firmie Goldbeck pod wykonanie pierwszego etapu budowy Log Plaza Frankfurt (Oder)<\/p>\n<p>(\u0179r\u00f3d\u0142o: Investor Center Ostbrandenburg GmbH).<\/p>\n<p>&nbsp;<\/p>\n<p>&nbsp;<\/p>\n<p><a href=\"https:\/\/www.icob.de\/wp-content\/uploads\/logplaza_ffo.png\"><img loading=\"lazy\" decoding=\"async\" class=\"alignleft wp-image-2869 size-thumbnail\" src=\"https:\/\/www.icob.de\/wp-content\/uploads\/logplaza_ffo-295x185.png\" alt=\"\" width=\"295\" height=\"185\" srcset=\"https:\/\/www.icob.de\/wp-content\/uploads\/logplaza_ffo-295x185.png 295w, https:\/\/www.icob.de\/wp-content\/uploads\/logplaza_ffo-343x215.png 343w\" sizes=\"auto, (max-width: 295px) 100vw, 295px\" \/><\/a><strong>Zdj\u0119cie 2:<\/strong> Wizualizacja pierwszego etapu budowy Log Plaza Frankfurt (Oder)<br \/>\n(\u0179r\u00f3d\u0142o: Alcaro Invest GmbH).<\/p>\n<p>&nbsp;<\/p>\n<p>&nbsp;<\/p>\n<hr \/>\n<p><strong>ALCARO Invest GmbH \u2013 www.alcaro.de<br \/>\n<\/strong>Deweloper projektu Alcaro (R\u00f6srath) od ponad dziesi\u0119ciu lat zajmuje si\u0119 finansowaniem, planowaniem, budow\u0105 i wynajmem nieruchomo\u015bci przemys\u0142owych, logistycznych i biurowych w ca\u0142ym kraju. Od 2009 roku Alcaro zrewitalizowa\u0142o lub przebudowa\u0142o \u0142\u0105cznie prawie 300 000 metr\u00f3w kwadratowych budynk\u00f3w, mog\u0105cych znale\u015b\u0107 zamiennie zastosowanie dla firm produkcyjnych m.in. z bran\u017cy farmaceutycznej, kosmetycznej i silnik\u00f3w elektrycznych. Obecnie w przygotowaniu jest 330 000 mkw. powierzchni u\u017cytkowej. W 2014 roku firma Alcaro wprowadzi\u0142a na rynek koncepcj\u0119 \u201eLog Plaza\u201d, kt\u00f3ra okre\u015bla zr\u00f3wnowa\u017cone i wysokiej jako\u015bci nieruchomo\u015bci biurowe i logistyczne. Nowe budynki Alcaro wyznaczaj\u0105ce nowe trendy obejmuj\u0105 Log Plaza Brandenburg 1 i 2, Log Plaza Colonia 1 i Log Plaza Kerpen. Alcaro Invest GmbH jest sp\u00f3\u0142k\u0105 zale\u017cn\u0105 nale\u017c\u0105c\u0105 w ca\u0142o\u015bci do grupy firm OSMAB Holding AG.<\/p>\n<hr \/>\n<p><strong>OSMAB Holding AG \u2013 www.osmab.de<br \/>\n<\/strong><\/p>\n<p>OSMAB Holding AG (R\u00f6srath) jest og\u00f3lnokrajowym inwestorem, deweloperem projekt\u00f3w, zarz\u0105dc\u0105 aktyw\u00f3w i posiadaczem nieruchomo\u015bci, skupiaj\u0105cym si\u0119 na nieruchomo\u015bciach biurowych i logistycznych. Inne obszary biznesowe to zagospodarowanie grunt\u00f3w budowlanych, zarz\u0105dzanie nieruchomo\u015bciami z w\u0142asnego portfela nieruchomo\u015bci oraz inwestycje w odnawialne \u017ar\u00f3d\u0142a energii. \u015aredniej wielko\u015bci grupa firm, dzia\u0142aj\u0105ca w bran\u017cy nieruchomo\u015bci od 1992 roku, zatrudnia interdyscyplinarny zesp\u00f3\u0142 oko\u0142o 50 pracownik\u00f3w. W ramach swojej strategii zr\u00f3wnowa\u017conego rozwoju, OSMAB od ponad dziesi\u0119ciu lat rozwija tereny zdegradowane, rewitalizuje istniej\u0105ce nieruchomo\u015bci, wytwarza energi\u0119 s\u0142oneczn\u0105 na dachach swoich nieruchomo\u015bci i wspiera du\u017c\u0105 liczb\u0119 projekt\u00f3w spo\u0142ecznych.<\/p>","protected":false},"excerpt":{"rendered":"<p>R\u00f6srath\/Frankfurt (Oder), 23. M\u00e4rz 2021: Firma ta zaprezentowa\u0142a lepsz\u0105 ofert\u0119 ni\u017c pi\u0119ciu innych konkurent\u00f3w, co pozwoli\u0142o na wygranie og\u00f3lnoniemieckiego post\u0119powania przetargowego. Do ko\u0144ca roku maj\u0105 zosta\u0107 uko\u0144czone 4 cz\u0119\u015bci hali w ramach Log Plaza Standard o \u0142\u0105cznej powierzchni 41 000 m2, a tak\u017ce 1900 m2 powierzchni biurowej i 2800 m2 powierzchni mezzanine. \u201ePandemia pokaza\u0142a, \u017ce<\/p>\n","protected":false},"author":2,"featured_media":0,"comment_status":"open","ping_status":"open","sticky":false,"template":"","format":"standard","meta":{"footnotes":""},"categories":[3],"tags":[],"class_list":["post-2952","post","type-post","status-publish","format-standard","category-news"],"yoast_head":"<!-- This site is optimized with the Yoast SEO plugin v28.1 - https:\/\/yoast.com\/product\/yoast-seo-wordpress\/ -->\n<title>GOLDBECK BUDUJE PIERWSZ\u0104 CZ\u0118\u015a\u0106 LOG PLAZA FRANKFURT (ODER) - ICOB :: Investor Center Ostbrandenburg GmbH<\/title>\n<meta name=\"robots\" content=\"index, follow, max-snippet:-1, max-image-preview:large, max-video-preview:-1\" \/>\n<link rel=\"canonical\" href=\"https:\/\/www.icob.de\/goldbeck-baut-ersten-bauabschnitt-des-log-plaza-frankfurt-oder\/\" \/>\n<meta property=\"og:locale\" content=\"pl_PL\" \/>\n<meta property=\"og:type\" content=\"article\" \/>\n<meta property=\"og:title\" content=\"[:de]Goldbeck baut ersten Bauabschnitt des Log Plaza Frankfurt (Oder)[:en]GOLDBECK BUILDS HALL A OF LOG PLAZA FRANKFURT (ODER)[:pl]GOLDBECK BUDUJE PIERWSZ\u0104 CZ\u0118\u015a\u0106 LOG PLAZA FRANKFURT (ODER)[:] - ICOB :: Investor Center Ostbrandenburg GmbH\" \/>\n<meta property=\"og:description\" content=\"R\u00f6srath\/Frankfurt (Oder), 23. M\u00e4rz 2021: Firma ta zaprezentowa\u0142a lepsz\u0105 ofert\u0119 ni\u017c pi\u0119ciu innych konkurent\u00f3w, co pozwoli\u0142o na wygranie og\u00f3lnoniemieckiego post\u0119powania przetargowego. Do ko\u0144ca roku maj\u0105 zosta\u0107 uko\u0144czone 4 cz\u0119\u015bci hali w ramach Log Plaza Standard o \u0142\u0105cznej powierzchni 41 000 m2, a tak\u017ce 1900 m2 powierzchni biurowej i 2800 m2 powierzchni mezzanine. \u201ePandemia pokaza\u0142a, \u017ce\" \/>\n<meta property=\"og:url\" content=\"https:\/\/www.icob.de\/goldbeck-baut-ersten-bauabschnitt-des-log-plaza-frankfurt-oder\/\" \/>\n<meta property=\"og:site_name\" content=\"ICOB :: Investor Center Ostbrandenburg GmbH\" \/>\n<meta property=\"article:published_time\" content=\"2021-03-24T11:19:09+00:00\" \/>\n<meta property=\"article:modified_time\" content=\"2024-02-19T13:31:11+00:00\" \/>\n<meta property=\"og:image\" content=\"https:\/\/www.icob.de\/wp-content\/uploads\/20210321_alcaro_baufelduebergabe-295x185.jpg\" \/>\n<meta name=\"author\" content=\"Christopher N\u00fc\u00dflein\" \/>\n<meta name=\"twitter:card\" content=\"summary_large_image\" \/>\n<meta name=\"twitter:label1\" content=\"Napisane przez\" \/>\n\t<meta name=\"twitter:data1\" content=\"Christopher N\u00fc\u00dflein\" \/>\n\t<meta name=\"twitter:label2\" content=\"Szacowany czas czytania\" \/>\n\t<meta name=\"twitter:data2\" content=\"4 minuty\" \/>\n<script type=\"application\/ld+json\" class=\"yoast-schema-graph\">{\"@context\":\"https:\\\/\\\/schema.org\",\"@graph\":[{\"@type\":\"Article\",\"@id\":\"https:\\\/\\\/www.icob.de\\\/goldbeck-baut-ersten-bauabschnitt-des-log-plaza-frankfurt-oder\\\/#article\",\"isPartOf\":{\"@id\":\"https:\\\/\\\/www.icob.de\\\/goldbeck-baut-ersten-bauabschnitt-des-log-plaza-frankfurt-oder\\\/\"},\"author\":{\"name\":\"Christopher N\u00fc\u00dflein\",\"@id\":\"https:\\\/\\\/www.icob.de\\\/#\\\/schema\\\/person\\\/3ca1709f8d27d69da6edf955d2ec1850\"},\"headline\":\"GOLDBECK BUDUJE PIERWSZ\u0104 CZ\u0118\u015a\u0106 LOG PLAZA FRANKFURT (ODER)\",\"datePublished\":\"2021-03-24T11:19:09+00:00\",\"dateModified\":\"2024-02-19T13:31:11+00:00\",\"mainEntityOfPage\":{\"@id\":\"https:\\\/\\\/www.icob.de\\\/goldbeck-baut-ersten-bauabschnitt-des-log-plaza-frankfurt-oder\\\/\"},\"wordCount\":2173,\"commentCount\":0,\"image\":{\"@id\":\"https:\\\/\\\/www.icob.de\\\/goldbeck-baut-ersten-bauabschnitt-des-log-plaza-frankfurt-oder\\\/#primaryimage\"},\"thumbnailUrl\":\"https:\\\/\\\/www.icob.de\\\/wp-content\\\/uploads\\\/20210321_alcaro_baufelduebergabe-295x185.jpg\",\"articleSection\":[\"News\"],\"inLanguage\":\"pl-PL\",\"potentialAction\":[{\"@type\":\"CommentAction\",\"name\":\"Comment\",\"target\":[\"https:\\\/\\\/www.icob.de\\\/goldbeck-baut-ersten-bauabschnitt-des-log-plaza-frankfurt-oder\\\/#respond\"]}]},{\"@type\":\"WebPage\",\"@id\":\"https:\\\/\\\/www.icob.de\\\/goldbeck-baut-ersten-bauabschnitt-des-log-plaza-frankfurt-oder\\\/\",\"url\":\"https:\\\/\\\/www.icob.de\\\/goldbeck-baut-ersten-bauabschnitt-des-log-plaza-frankfurt-oder\\\/\",\"name\":\"[:de]Goldbeck baut ersten Bauabschnitt des Log Plaza Frankfurt (Oder)[:en]GOLDBECK BUILDS HALL A OF LOG PLAZA FRANKFURT (ODER)[:pl]GOLDBECK BUDUJE PIERWSZ\u0104 CZ\u0118\u015a\u0106 LOG PLAZA FRANKFURT (ODER)[:] - ICOB :: Investor Center Ostbrandenburg GmbH\",\"isPartOf\":{\"@id\":\"https:\\\/\\\/www.icob.de\\\/#website\"},\"primaryImageOfPage\":{\"@id\":\"https:\\\/\\\/www.icob.de\\\/goldbeck-baut-ersten-bauabschnitt-des-log-plaza-frankfurt-oder\\\/#primaryimage\"},\"image\":{\"@id\":\"https:\\\/\\\/www.icob.de\\\/goldbeck-baut-ersten-bauabschnitt-des-log-plaza-frankfurt-oder\\\/#primaryimage\"},\"thumbnailUrl\":\"https:\\\/\\\/www.icob.de\\\/wp-content\\\/uploads\\\/20210321_alcaro_baufelduebergabe-295x185.jpg\",\"datePublished\":\"2021-03-24T11:19:09+00:00\",\"dateModified\":\"2024-02-19T13:31:11+00:00\",\"author\":{\"@id\":\"https:\\\/\\\/www.icob.de\\\/#\\\/schema\\\/person\\\/3ca1709f8d27d69da6edf955d2ec1850\"},\"breadcrumb\":{\"@id\":\"https:\\\/\\\/www.icob.de\\\/goldbeck-baut-ersten-bauabschnitt-des-log-plaza-frankfurt-oder\\\/#breadcrumb\"},\"inLanguage\":\"pl-PL\",\"potentialAction\":[{\"@type\":\"ReadAction\",\"target\":[\"https:\\\/\\\/www.icob.de\\\/goldbeck-baut-ersten-bauabschnitt-des-log-plaza-frankfurt-oder\\\/\"]}]},{\"@type\":\"ImageObject\",\"inLanguage\":\"pl-PL\",\"@id\":\"https:\\\/\\\/www.icob.de\\\/goldbeck-baut-ersten-bauabschnitt-des-log-plaza-frankfurt-oder\\\/#primaryimage\",\"url\":\"https:\\\/\\\/www.icob.de\\\/wp-content\\\/uploads\\\/20210321_alcaro_baufelduebergabe-295x185.jpg\",\"contentUrl\":\"https:\\\/\\\/www.icob.de\\\/wp-content\\\/uploads\\\/20210321_alcaro_baufelduebergabe-295x185.jpg\"},{\"@type\":\"BreadcrumbList\",\"@id\":\"https:\\\/\\\/www.icob.de\\\/goldbeck-baut-ersten-bauabschnitt-des-log-plaza-frankfurt-oder\\\/#breadcrumb\",\"itemListElement\":[{\"@type\":\"ListItem\",\"position\":1,\"name\":\"Startseite\",\"item\":\"https:\\\/\\\/www.icob.de\\\/\"},{\"@type\":\"ListItem\",\"position\":2,\"name\":\"Goldbeck baut ersten Bauabschnitt des Log Plaza Frankfurt (Oder)\"}]},{\"@type\":\"WebSite\",\"@id\":\"https:\\\/\\\/www.icob.de\\\/#website\",\"url\":\"https:\\\/\\\/www.icob.de\\\/\",\"name\":\"ICOB :: Investor Center Ostbrandenburg GmbH\",\"description\":\"\",\"potentialAction\":[{\"@type\":\"SearchAction\",\"target\":{\"@type\":\"EntryPoint\",\"urlTemplate\":\"https:\\\/\\\/www.icob.de\\\/?s={search_term_string}\"},\"query-input\":{\"@type\":\"PropertyValueSpecification\",\"valueRequired\":true,\"valueName\":\"search_term_string\"}}],\"inLanguage\":\"pl-PL\"},{\"@type\":\"Person\",\"@id\":\"https:\\\/\\\/www.icob.de\\\/#\\\/schema\\\/person\\\/3ca1709f8d27d69da6edf955d2ec1850\",\"name\":\"Christopher N\u00fc\u00dflein\",\"url\":\"https:\\\/\\\/www.icob.de\\\/pl\\\/author\\\/nuesslein\\\/\"}]}<\/script>\n<!-- \/ Yoast SEO plugin. -->","yoast_head_json":{"title":"[:de]Goldbeck baut ersten Bauabschnitt des Log Plaza Frankfurt (Oder)[:en]GOLDBECK BUILDS HALL A OF LOG PLAZA FRANKFURT (ODER)[:pl]GOLDBECK BUDUJE PIERWSZ\u0104 CZ\u0118\u015a\u0106 LOG PLAZA FRANKFURT (ODER)[:] - ICOB :: Investor Center Ostbrandenburg GmbH","robots":{"index":"index","follow":"follow","max-snippet":"max-snippet:-1","max-image-preview":"max-image-preview:large","max-video-preview":"max-video-preview:-1"},"canonical":"https:\/\/www.icob.de\/goldbeck-baut-ersten-bauabschnitt-des-log-plaza-frankfurt-oder\/","og_locale":"pl_PL","og_type":"article","og_title":"[:de]Goldbeck baut ersten Bauabschnitt des Log Plaza Frankfurt (Oder)[:en]GOLDBECK BUILDS HALL A OF LOG PLAZA FRANKFURT (ODER)[:pl]GOLDBECK BUDUJE PIERWSZ\u0104 CZ\u0118\u015a\u0106 LOG PLAZA FRANKFURT (ODER)[:] - ICOB :: Investor Center Ostbrandenburg GmbH","og_description":"R\u00f6srath\/Frankfurt (Oder), 23. M\u00e4rz 2021: Firma ta zaprezentowa\u0142a lepsz\u0105 ofert\u0119 ni\u017c pi\u0119ciu innych konkurent\u00f3w, co pozwoli\u0142o na wygranie og\u00f3lnoniemieckiego post\u0119powania przetargowego. Do ko\u0144ca roku maj\u0105 zosta\u0107 uko\u0144czone 4 cz\u0119\u015bci hali w ramach Log Plaza Standard o \u0142\u0105cznej powierzchni 41 000 m2, a tak\u017ce 1900 m2 powierzchni biurowej i 2800 m2 powierzchni mezzanine. \u201ePandemia pokaza\u0142a, \u017ce","og_url":"https:\/\/www.icob.de\/goldbeck-baut-ersten-bauabschnitt-des-log-plaza-frankfurt-oder\/","og_site_name":"ICOB :: Investor Center Ostbrandenburg GmbH","article_published_time":"2021-03-24T11:19:09+00:00","article_modified_time":"2024-02-19T13:31:11+00:00","og_image":[{"url":"https:\/\/www.icob.de\/wp-content\/uploads\/20210321_alcaro_baufelduebergabe-295x185.jpg","type":"","width":"","height":""}],"author":"Christopher N\u00fc\u00dflein","twitter_card":"summary_large_image","twitter_misc":{"Napisane przez":"Christopher N\u00fc\u00dflein","Szacowany czas czytania":"4 minuty"},"schema":{"@context":"https:\/\/schema.org","@graph":[{"@type":"Article","@id":"https:\/\/www.icob.de\/goldbeck-baut-ersten-bauabschnitt-des-log-plaza-frankfurt-oder\/#article","isPartOf":{"@id":"https:\/\/www.icob.de\/goldbeck-baut-ersten-bauabschnitt-des-log-plaza-frankfurt-oder\/"},"author":{"name":"Christopher N\u00fc\u00dflein","@id":"https:\/\/www.icob.de\/#\/schema\/person\/3ca1709f8d27d69da6edf955d2ec1850"},"headline":"GOLDBECK BUDUJE PIERWSZ\u0104 CZ\u0118\u015a\u0106 LOG PLAZA FRANKFURT (ODER)","datePublished":"2021-03-24T11:19:09+00:00","dateModified":"2024-02-19T13:31:11+00:00","mainEntityOfPage":{"@id":"https:\/\/www.icob.de\/goldbeck-baut-ersten-bauabschnitt-des-log-plaza-frankfurt-oder\/"},"wordCount":2173,"commentCount":0,"image":{"@id":"https:\/\/www.icob.de\/goldbeck-baut-ersten-bauabschnitt-des-log-plaza-frankfurt-oder\/#primaryimage"},"thumbnailUrl":"https:\/\/www.icob.de\/wp-content\/uploads\/20210321_alcaro_baufelduebergabe-295x185.jpg","articleSection":["News"],"inLanguage":"pl-PL","potentialAction":[{"@type":"CommentAction","name":"Comment","target":["https:\/\/www.icob.de\/goldbeck-baut-ersten-bauabschnitt-des-log-plaza-frankfurt-oder\/#respond"]}]},{"@type":"WebPage","@id":"https:\/\/www.icob.de\/goldbeck-baut-ersten-bauabschnitt-des-log-plaza-frankfurt-oder\/","url":"https:\/\/www.icob.de\/goldbeck-baut-ersten-bauabschnitt-des-log-plaza-frankfurt-oder\/","name":"[:de]Goldbeck baut ersten Bauabschnitt des Log Plaza Frankfurt (Oder)[:en]GOLDBECK BUILDS HALL A OF LOG PLAZA FRANKFURT (ODER)[:pl]GOLDBECK BUDUJE PIERWSZ\u0104 CZ\u0118\u015a\u0106 LOG PLAZA FRANKFURT (ODER)[:] - ICOB :: Investor Center Ostbrandenburg GmbH","isPartOf":{"@id":"https:\/\/www.icob.de\/#website"},"primaryImageOfPage":{"@id":"https:\/\/www.icob.de\/goldbeck-baut-ersten-bauabschnitt-des-log-plaza-frankfurt-oder\/#primaryimage"},"image":{"@id":"https:\/\/www.icob.de\/goldbeck-baut-ersten-bauabschnitt-des-log-plaza-frankfurt-oder\/#primaryimage"},"thumbnailUrl":"https:\/\/www.icob.de\/wp-content\/uploads\/20210321_alcaro_baufelduebergabe-295x185.jpg","datePublished":"2021-03-24T11:19:09+00:00","dateModified":"2024-02-19T13:31:11+00:00","author":{"@id":"https:\/\/www.icob.de\/#\/schema\/person\/3ca1709f8d27d69da6edf955d2ec1850"},"breadcrumb":{"@id":"https:\/\/www.icob.de\/goldbeck-baut-ersten-bauabschnitt-des-log-plaza-frankfurt-oder\/#breadcrumb"},"inLanguage":"pl-PL","potentialAction":[{"@type":"ReadAction","target":["https:\/\/www.icob.de\/goldbeck-baut-ersten-bauabschnitt-des-log-plaza-frankfurt-oder\/"]}]},{"@type":"ImageObject","inLanguage":"pl-PL","@id":"https:\/\/www.icob.de\/goldbeck-baut-ersten-bauabschnitt-des-log-plaza-frankfurt-oder\/#primaryimage","url":"https:\/\/www.icob.de\/wp-content\/uploads\/20210321_alcaro_baufelduebergabe-295x185.jpg","contentUrl":"https:\/\/www.icob.de\/wp-content\/uploads\/20210321_alcaro_baufelduebergabe-295x185.jpg"},{"@type":"BreadcrumbList","@id":"https:\/\/www.icob.de\/goldbeck-baut-ersten-bauabschnitt-des-log-plaza-frankfurt-oder\/#breadcrumb","itemListElement":[{"@type":"ListItem","position":1,"name":"Startseite","item":"https:\/\/www.icob.de\/"},{"@type":"ListItem","position":2,"name":"Goldbeck baut ersten Bauabschnitt des Log Plaza Frankfurt (Oder)"}]},{"@type":"WebSite","@id":"https:\/\/www.icob.de\/#website","url":"https:\/\/www.icob.de\/","name":"ICOB :: Investor Center Ostbrandenburg GmbH","description":"","potentialAction":[{"@type":"SearchAction","target":{"@type":"EntryPoint","urlTemplate":"https:\/\/www.icob.de\/?s={search_term_string}"},"query-input":{"@type":"PropertyValueSpecification","valueRequired":true,"valueName":"search_term_string"}}],"inLanguage":"pl-PL"},{"@type":"Person","@id":"https:\/\/www.icob.de\/#\/schema\/person\/3ca1709f8d27d69da6edf955d2ec1850","name":"Christopher N\u00fc\u00dflein","url":"https:\/\/www.icob.de\/pl\/author\/nuesslein\/"}]}},"_links":{"self":[{"href":"https:\/\/www.icob.de\/pl\/wp-json\/wp\/v2\/posts\/2952","targetHints":{"allow":["GET"]}}],"collection":[{"href":"https:\/\/www.icob.de\/pl\/wp-json\/wp\/v2\/posts"}],"about":[{"href":"https:\/\/www.icob.de\/pl\/wp-json\/wp\/v2\/types\/post"}],"author":[{"embeddable":true,"href":"https:\/\/www.icob.de\/pl\/wp-json\/wp\/v2\/users\/2"}],"replies":[{"embeddable":true,"href":"https:\/\/www.icob.de\/pl\/wp-json\/wp\/v2\/comments?post=2952"}],"version-history":[{"count":0,"href":"https:\/\/www.icob.de\/pl\/wp-json\/wp\/v2\/posts\/2952\/revisions"}],"wp:attachment":[{"href":"https:\/\/www.icob.de\/pl\/wp-json\/wp\/v2\/media?parent=2952"}],"wp:term":[{"taxonomy":"category","embeddable":true,"href":"https:\/\/www.icob.de\/pl\/wp-json\/wp\/v2\/categories?post=2952"},{"taxonomy":"post_tag","embeddable":true,"href":"https:\/\/www.icob.de\/pl\/wp-json\/wp\/v2\/tags?post=2952"}],"curies":[{"name":"wp","href":"https:\/\/api.w.org\/{rel}","templated":true}]}}