{"id":21,"date":"2000-10-02T15:36:08","date_gmt":"2000-10-02T13:36:08","guid":{"rendered":"https:\/\/www.icob.de\/content\/?p=21"},"modified":"2025-03-12T18:56:25","modified_gmt":"2025-03-12T16:56:25","slug":"veranstaltungen","status":"publish","type":"post","link":"https:\/\/www.icob.de\/pl\/veranstaltungen\/","title":{"rendered":"Wydarzenia"},"content":{"rendered":"<p><a href=\"https:\/\/www.icob.de\/wp-content\/uploads\/collage_veranstaltungen_klein.jpg\"><img loading=\"lazy\" decoding=\"async\" class=\"alignright wp-image-1027 size-full\" src=\"https:\/\/www.icob.de\/wp-content\/uploads\/collage_veranstaltungen_klein.jpg\" alt=\"\" width=\"168\" height=\"137\" \/><\/a>Tutaj prezentujemy informacje o aktualnych imprezach bran\u017cowych oraz targach. Prosz\u0119 skorzysta\u0107 z okazji i um\u00f3wi\u0107 termin spotkania na miejscu z jednym z naszych pracownik\u00f3w.<\/p>\n<hr \/>\n<h4>Aktualne imprezy bran\u017cowe:<\/h4>\n<dl class=\"sc-accordions\"><\/dl>\n<hr \/>\n<h4>Archiwum imprez bran\u017cowych (dob\u00f3r):<\/h4>\n<dl class=\"sc-accordions\">\n<dt class=\"sc-accordion-title\"><a href=\"#\">2021\/10\/11 - 2021\/10\/13: Expo Real 2021, Monachium<\/a><\/dt>\n<dd class=\"sc-accordion-pane\">Miasto Frankfurt nad Odr\u0105 prezentuje si\u0119 na mi\u0119dzynarodowych targach nieruchomo\u015bci i inwestycji w dniach 11-13 pa\u017adziernika 2021 w monachijskim centrum wystawowym. W ramach wsp\u00f3lnego stoiska Berlin-Brandenburg przedstawiciele miasta zaprezentuj\u0105 aktualne wydarzenia w sektorze rozwoju nieruchomo\u015bci i powierzchni komercyjnych. Opr\u00f3cz du\u017cego projektu dewelopera alcaro, nacisk k\u0142adziony jest przede wszystkim na 200 hektar\u00f3w \u00a0greenfield powierzchnie w obszarze TESLA i dalszych 200 hektar\u00f3w potencjalnych obszar\u00f3w.<\/p>\n<p><strong>Serdecznie zapraszamy: <\/strong>Od 11.-13. pa\u017adziernika 2021 na naszym stoisku b\u0119dzie mo\u017cliwo\u015b\u0107 dowiedzie\u0107 si\u0119 o najnowszych osi\u0105gni\u0119ciach w lokalizacji Wschodniej Brandenburgii, a tak\u017ce o kompleksowej ofercie us\u0142ug i infrastruktury we Frankfurcie nad Odr\u0105.<\/p>\n<p><strong>Kiedy:<\/strong> 11-13 pa\u017adziernika 2021, codziennie od 9:00 do 18:00<\/p>\n<p><strong>Gdzie: <\/strong>Messe M\u00fcnchen, hala B2, stoisko 420, wsp\u00f3lne stoisko Berlin-Brandenburg B2.420<\/p>\n<p><strong>Wi\u0119cej informacji:<\/strong>\u00a0<a href=\"https:\/\/exporeal.net\/de\/\" target=\"_blank\" rel=\"noopener noreferrer\">www.exporeal.net<\/a><\/p>\n<div id=\"tabelle\">\n<div id=\"zelle-1\" class=\"zelle\">Contact:<br \/>\n<strong>Mrs. Irina Kania<\/strong><br \/>\nTel: +49 335 &#8211; 557 2203<br \/>\n<a title=\"Irina Kania\" href=\"https:\/\/www.icob.de\/irina-kania\/\">Pro\u015bba e-mail<\/a><\/div>\n<div id=\"zelle-2\" class=\"zelle\">Contact:<br \/>\n<strong>Mrs. Carmen-Sybille Rehse<\/strong><br \/>\nTel: +49 335 &#8211; 557 2206<br \/>\n<a title=\"Carmen-Sybille Rehse\" href=\"https:\/\/www.icob.de\/carmen-sybille-rehse\/\">Pro\u015bba e-mail<\/a><\/div>\n<\/div>\n<\/dd>\n<dt class=\"sc-accordion-title\"><a href=\"#\">2021\/09\/02: Konferencja biznesowa w ramach ITM Industry Europe, Pozna\u0144<\/a><\/dt>\n<dd class=\"sc-accordion-pane\">JEDNA SILNA GOSPODARKA &#8211; Szanse i mo\u017cliwo\u015bci we Wschodniej Brandenburgii &#8211; polsko-niemieckim obszarze gospodarczym. Nasz\u0105 misj\u0105 jest wskazywanie aktualnych szans rynkowych i perspektyw rozwoju w polsko-niemieckim regionie gospodarczym oraz doradzanie Pa\u0144stwu w zakresie projekt\u00f3w inwestycyjnych i rozwojowych w tym regionie.<\/p>\n<p>Jako Business Location Network (BLN) jeste\u015bmy sieci\u0105 instytucji wspieraj\u0105cych przedsi\u0119biorczo\u015b\u0107, samorz\u0105d\u00f3w lokalnych oraz Izby Przemys\u0142owo-Handlowej regionu wschodniej Brandenburgii. Wydarzenie skierowane jest do wszystkich, kt\u00f3rzy chcieliby dowiedzie\u0107 si\u0119 wi\u0119cej o perspektywach rozwojowych w polsko-niemieckim regionie gospodarczym.<\/p>\n<p><strong>Serdecznie zapraszamy: <\/strong>02.09 w WTC Pozna\u0144 w godzinach 11:00 i 14:00 b\u0119dzie mo\u017cliwo\u015b\u0107 dowiedzie\u0107 si\u0119 wi\u0119cej o najnowszych wydarzeniach w polsko-niemieckim regionie gospodarczym Brandenburgii Wschodniej i wzi\u0105\u0107 udzia\u0142 w dyskusji o szansach na osiedlenie w obszarze TESLA.<\/p>\n<p><strong>Kiedy:<\/strong> 02.09.2021, 11:00<\/p>\n<p><strong>Gdzie:<\/strong> World Trade Center Pozna\u0144, ul.Bukowska 12, sala konferencyjna 108<\/p>\n<p><strong>Wi\u0119cej informacji: <\/strong>Wydarzenie b\u0119dzie dwuj\u0119zyczne niemiecko-polskie i b\u0119dzie t\u0142umaczone symultanicznie.<\/p>\n<div id=\"tabelle\">\n<div id=\"zelle-1\" class=\"zelle\">Rejestracja:<br \/>\n<strong>Frau Natalia Urbanska<\/strong><br \/>\nTel: +48 609 672 321<br \/>\nE-Mail: natalia.urbanska[at]wtcpoznan.pl<\/div>\n<div id=\"zelle-2\" class=\"zelle\">Kontakt:<br \/>\n<strong>Frau Irina Kania<\/strong><br \/>\nTel: +49 335 &#8211; 557 2203<br \/>\nE-Mail:<br \/>\n<a title=\"Irina Kania\" href=\"https:\/\/www.icob.de\/irina-kania\/\">Pro\u015bba e-mail<\/a><\/div>\n<\/div>\n<\/dd>\n<dt class=\"sc-accordion-title\"><a href=\"#\">2019\/06\/04 - 2019\/06\/07: transport logistic 2019, Monachium<\/a><\/dt>\n<dd class=\"sc-accordion-pane\">transport logistic is the world&#8217;s leading trade fair for logistics, mobility, IT, and supply chain management, and acts as the business platform for and driving force behind the global logistics and transport industry. The event includes a comprehensive conference program.<\/p>\n<p><strong>We cordially invite you:<\/strong> Come and join us at this international industry gathering! Learn more about the latest developments in the freight village Frankfurt (Oder) and the containter terminal Frankfurt (Oder).<\/p>\n<p><strong>When:<\/strong> 04.06. \u2013 07.06.2019, 09:00 am to 06:00 pm<\/p>\n<p><strong>Where:<\/strong> Joint booth of the German Capital Region Berlin-Brandenburg, Hall B4, Booth 321A<\/p>\n<p><strong>Further Information:<\/strong> <a href=\"http:\/\/www.transportlogistic.de\" target=\"_blank\" rel=\"noopener noreferrer\">www.transportlogistic.de<\/a><\/p>\n<div id=\"tabelle\">\n<div id=\"zelle-1\" class=\"zelle\">Contact:<br \/>\n<strong>Mrs. Irina Kania<\/strong><br \/>\nTel: +49 335 &#8211; 557 2203<br \/>\n<a title=\"Irina Kania\" href=\"https:\/\/www.icob.de\/irina-kania\/\">Anfrage per Mail<\/a><\/div>\n<div id=\"zelle-2\" class=\"zelle\">Contact:<br \/>\n<strong>Mrs. Carmen-Sybille Rehse<\/strong><br \/>\nTel: +49 335 &#8211; 557 2206<br \/>\n<a title=\"Carmen-Sybille Rehse\" href=\"https:\/\/www.icob.de\/carmen-sybille-rehse\/\">Anfrage per Mail<\/a><\/div>\n<\/div>\n<\/dd>\n<dt class=\"sc-accordion-title\"><a href=\"#\">2019\/02\/19 - 2019\/02\/21: LogiMat\/Trade World 2019, Stuttgart<\/a><\/dt>\n<dd class=\"sc-accordion-pane\">TradeWorld showcases the unique synergies of e-commerce and logistics processes as part of the intralogistics trade fair LogiMAT.<\/p>\n<p><strong>We cordially invite you:<\/strong> Come and join us at this international industry gathering! Learn more about the latest developments in the freight village Frankfurt (Oder) and the containter terminal Frankfurt (Oder).<\/p>\n<p><strong>When:<\/strong> 19.02. \u2013 21.02.2019, 09:00 am to 06:00 pm<\/p>\n<p><strong>Where:<\/strong> Trade World 2019 | Hall 2 | Booth C32<\/p>\n<p><strong>Further Information:<\/strong> <a href=\"http:\/\/www.logimat-messe.de\" target=\"_blank\" rel=\"noopener noreferrer\">www.logimat-messe.de<\/a><\/p>\n<div id=\"tabelle\">\n<div id=\"zelle-1\" class=\"zelle\">Contact:<br \/>\n<strong>Mrs. Irina Kania<\/strong><br \/>\nTel: +49 335 &#8211; 557 2203<br \/>\n<a title=\"Irina Kania\" href=\"https:\/\/www.icob.de\/irina-kania\/\">Anfrage per Mail<\/a><\/div>\n<div id=\"zelle-2\" class=\"zelle\">Contact:<br \/>\n<strong>Mrs. Carmen-Sybille Rehse<\/strong><br \/>\nTel: +49 335 &#8211; 557 2206<br \/>\n<a title=\"Carmen-Sybille Rehse\" href=\"https:\/\/www.icob.de\/carmen-sybille-rehse\/\">Anfrage per Mail<\/a><\/div>\n<\/div>\n<\/dd>\n<dt class=\"sc-accordion-title\"><a href=\"#\">2018\/05\/29 - 2018\/05\/30: InterLog 2018 in Frankfurt (Oder): Conference &amp; networking event<\/a><\/dt>\n<dd class=\"sc-accordion-pane\">The trans-European transport corridor North Sea-Baltic has developed into an important driving force of cross-border economy in recent years. Political changes open international markets and lead to increase in transport volume along the corridor. New, cross-border and partly global infrastructure projects such as \u201cRail Baltica\u201c or \u201cOne Belt and One Road Initiative\u201c make an attempt to meet those challenges and improve the general conditions for an efficient, sustainable and consistent intermodal transportation on this important East-West axis. Within the scope of the conference \u201eInterLog 2018\u201c in Frankfurt (Oder) experts from the fields of politics and economy will explain the new trends and general conditions for cooperation along this corridor. We invite you: Learn how to take advantage of these new developments from international best practice examples and discover new possibilities for your logistics businesses. Besides the symposium, our Get-Together (May 29th 2018) gives you a perfect possibility to further develop your international network in a pleasant atmosphere.<\/p>\n<p><strong>When:<\/strong> 29.05.2018: Get-Together starting 06.00 p.m. | 30.05.2017: Conference starting 09:00 a.m.<\/p>\n<p><strong>Where:<\/strong> IHK Ostbrandenburg, <span class=\"_Xbe\">Puschkinstra\u00dfe 12B, 15236 Frankfurt (Oder)<\/span><\/p>\n<p><strong>Further Information:<\/strong> <a href=\"https:\/\/www.icob.de\/interlog2018\" target=\"_blank\" rel=\"noopener noreferrer\"><strong>InterLog 2018 in Frankfurt (Oder)<\/strong><\/a><\/p>\n<div id=\"tabelle\">\n<div id=\"zelle-2\" class=\"zelle\">Contact:<br \/>\n<strong>Mrs. Carmen-Sybille Rehse<\/strong><br \/>\nTel: +49 335 &#8211; 557 2206<br \/>\n<a title=\"Carmen-Sybille Rehse\" href=\"https:\/\/www.icob.de\/carmen-sybille-rehse\/\">Anfrage per Mail<\/a><\/div>\n<\/div>\n<\/dd>\n<dt class=\"sc-accordion-title\"><a href=\"#\">2016\/09\/20 - 2016\/09\/23: InnoTrans 2016, Berlin<\/a><\/dt>\n<dd class=\"sc-accordion-pane\"><a href=\"https:\/\/www.icob.de\/wp-content\/uploads\/201609_messe_innotrans.png\"><img loading=\"lazy\" decoding=\"async\" class=\"alignnone wp-image-1857 size-full\" src=\"https:\/\/www.icob.de\/wp-content\/uploads\/201609_messe_innotrans.png\" alt=\"\" width=\"720\" height=\"158\" srcset=\"https:\/\/www.icob.de\/wp-content\/uploads\/201609_messe_innotrans.png 720w, https:\/\/www.icob.de\/wp-content\/uploads\/201609_messe_innotrans-185x41.png 185w, https:\/\/www.icob.de\/wp-content\/uploads\/201609_messe_innotrans-75x16.png 75w\" sizes=\"auto, (max-width: 720px) 100vw, 720px\" \/><\/a><\/p>\n<p>Die InnoTrans ist die internationale Leitmesse f\u00fcr Verkehrstechnik, die alle zwei Jahre in Berlin stattfindet. Mit \u00fcber 2.700 Ausstellern aus 55 L\u00e4ndern im Jahr 2014 ist die InnoTrans mit dem komplett belegten Berliner Messegel\u00e4nde die internationale Weltleitmesse der Branche. Im Rahmen des Messesegmentes Railway Infrastructure pr\u00e4sentieren wir hier auf einem Messestand das GVZ Frankfurt (Oder) und unseren Logistik- und Wirtschaftsstandort.<\/p>\n<p><strong>We cordially invite you:<\/strong> Besuchen Sie uns vom 20. \u2013 23. September 2016 an unserem Messestand und informieren Sie sich \u00fcber die neuesten Entwicklungen am Logistikstandort Ostbrandenburg sowie zum umfassenden Dienstleistungs- und Infrastrukturangebot am GVZ Frankfurt (Oder) mit seinem Containerterminal.<\/p>\n<p><strong>When:<\/strong> 20.09. \u2013 23.09.2016, t\u00e4glich von 09:00 Uhr bis 18:00 Uhr<\/p>\n<p><strong>Where:<\/strong> Firmengemeinschaftsstand der Hauptstadtregion Berlin-Brandenburg, Halle B CityCube Berlin, Stand 302, Messe Berlin &#8211; ExpoCenter City, Messedamm 22, 14055 Berlin<\/p>\n<p><a href=\"https:\/\/www.icob.de\/wp-content\/uploads\/ics\/2016_en_InnoTrans.ics\" class=\"sc-button\" style=\"background: #d12401;color: #ffffff\"><span>To calendar \u00bb<\/span><\/a> Add event to your Outlook or iCal<\/p>\n<p><strong>Further Information:<\/strong> <a href=\"http:\/\/www.innotrans.de\" target=\"_blank\" rel=\"noopener noreferrer\">www.innotrans.de<\/a><\/p>\n<div id=\"tabelle\">\n<div id=\"zelle-2\" class=\"zelle\">Contact:<br \/>\n<strong>Mrs. Carmen-Sybille Rehse<\/strong><br \/>\nTel: +49 335 &#8211; 557 2206<br \/>\n<a title=\"Carmen-Sybille Rehse\" href=\"https:\/\/www.icob.de\/carmen-sybille-rehse\/\">Anfrage per Mail<\/a><\/div>\n<\/div>\n<\/dd>\n<dt class=\"sc-accordion-title\"><a href=\"#\">2016\/05\/18 - 2016\/05\/20: Polish Logistics Congress LOGISTICS 2016, Pozna\u0144<\/a><\/dt>\n<dd class=\"sc-accordion-pane\"><a href=\"https:\/\/www.icob.de\/wp-content\/uploads\/201605_messe_logistics.png\"><img loading=\"lazy\" decoding=\"async\" class=\"alignnone wp-image-1851 size-full\" src=\"https:\/\/www.icob.de\/wp-content\/uploads\/201605_messe_logistics.png\" alt=\"\" width=\"719\" height=\"179\" srcset=\"https:\/\/www.icob.de\/wp-content\/uploads\/201605_messe_logistics.png 719w, https:\/\/www.icob.de\/wp-content\/uploads\/201605_messe_logistics-185x46.png 185w, https:\/\/www.icob.de\/wp-content\/uploads\/201605_messe_logistics-75x19.png 75w\" sizes=\"auto, (max-width: 719px) 100vw, 719px\" \/><\/a><\/p>\n<p>Im Jahr 2016 wird der Polnische Logistikkongress in Verbindung mit dem Europ\u00e4ischen Logistikkongress der ELA organisiert. Im Fokus stehen Logistik des Multi-Channel-Distanzhandel, Intermodale Logistik, Innovationen der Produktionslogistik, Einkauf und Logistik sowie Konzepte des Supply Chain Managements. Konzipiert ist der Kongress \u00fcber internationale Branchenexperten, Fachsessions und Vortr\u00e4ge, eine begleitende Ausstellung, den internationalen Besucherstrom, Besichtigungstouren zu attraktiven Unternehmensstandorten sowie den ELA Research Day.<\/p>\n<p><strong>We cordially invite you:<\/strong> 18. &#8211; 19. Mai 2016, Polski Kongres Logistyczny | Centrum Kongresowe Mi\u0119dzynarodowych Targ\u00f3w Pozna\u0144skich, pawilon 15<\/p>\n<p><strong>When &amp; Where:<\/strong><br \/>\n18. &#8211; 19. Mai 2016, Polski Kongres Logistyczny | Centrum Kongresowe Mi\u0119dzynarodowych Targ\u00f3w Pozna\u0144skich, pawilon 15<\/p>\n<p>20. Mai 2016, ELA Research Day &#8211; Instytut Logistyki i Magazynowania | Pozna\u0144, ul. Estkowskiego 6<\/p>\n<p><a href=\"https:\/\/www.icob.de\/wp-content\/uploads\/ics\/2016_en_Polish_Logistics-Congress.ics\" class=\"sc-button\" style=\"background: #d12401;color: #ffffff\"><span>To calendar \u00bb<\/span><\/a> Add event to your Outlook or iCal<\/p>\n<p><strong>Further Information:<\/strong> <a href=\"http:\/\/www.logistics.pl\" target=\"_blank\" rel=\"noopener noreferrer\">www.logistics.pl<\/a><\/p>\n<div id=\"tabelle\">\n<div id=\"zelle-1\" class=\"zelle\">Contact:<br \/>\n<strong>Mrs. Irina Kania<\/strong><br \/>\nTel: +49 335 &#8211; 557 2203<br \/>\n<a title=\"Irina Kania\" href=\"https:\/\/www.icob.de\/irina-kania\/\">Anfrage per Mail<\/a><\/div>\n<\/div>\n<\/dd>\n<dt class=\"sc-accordion-title\"><a href=\"#\">2016\/02\/03: Plenarveranstaltung Forum Poznan International @ BUDMA Pozna\u0144<\/a><\/dt>\n<dd class=\"sc-accordion-pane\"><a href=\"https:\/\/www.icob.de\/wp-content\/uploads\/201602_messe_budma.png\"><img loading=\"lazy\" decoding=\"async\" class=\"alignnone wp-image-1834 size-full\" src=\"https:\/\/www.icob.de\/wp-content\/uploads\/201602_messe_budma.png\" alt=\"\" width=\"720\" height=\"158\" srcset=\"https:\/\/www.icob.de\/wp-content\/uploads\/201602_messe_budma.png 720w, https:\/\/www.icob.de\/wp-content\/uploads\/201602_messe_budma-185x41.png 185w, https:\/\/www.icob.de\/wp-content\/uploads\/201602_messe_budma-75x16.png 75w\" sizes=\"auto, (max-width: 720px) 100vw, 720px\" \/><\/a><\/p>\n<p>Eine Jubil\u00e4umsausgabe der gr\u00f6\u00dften Internationalen Bau- und Architekturmesse BUDMA in Polen findet vom 2. bis zum 5. Februar 2016 unter dem Motto INSPIRATION * WISSEN * BUSINESS statt.<\/p>\n<p><strong>We cordially invite you:<\/strong> Besuchen Sie uns am 03. Februar 2016 am Rande der BUDMA auf dem Forum Poznan International und informieren Sie sich \u00fcber die neuesten Entwicklungen von Ostbrandenburgs Industrieunternehmen sowie zum umfassenden Dienstleistungs- und Infrastrukturangebot des Standortes Ostbrandenburg f\u00fcr polnische und andere internationale Unternehmen.<\/p>\n<p><strong>When:<\/strong> 03.02.2016, ab 17:00 Uhr<\/p>\n<p><strong>Where:<\/strong> Posener Messegel\u00e4nde, Pavillon 10 (Pressezentrum)<\/p>\n<p><strong>Further Information: <\/strong><a href=\"http:\/\/www.budma.pl\" target=\"_blank\" rel=\"noopener noreferrer\">www.budma.pl<\/a><\/p>\n<div id=\"tabelle\">\n<div id=\"zelle-1\" class=\"zelle\">Contact:<br \/>\n<strong>Mrs. Irina Kania<\/strong><br \/>\nTel: +49 335 &#8211; 557 2203<br \/>\n<a title=\"Irina Kania\" href=\"https:\/\/www.icob.de\/irina-kania\/\">Anfrage per Mail<\/a><\/div>\n<\/div>\n<\/dd>\n<\/dl>\n<p><\/p>","protected":false},"excerpt":{"rendered":"<p>Tutaj prezentujemy informacje o aktualnych imprezach bran\u017cowych oraz targach. Prosz\u0119 skorzysta\u0107 z okazji i um\u00f3wi\u0107 termin spotkania na miejscu z jednym z naszych pracownik\u00f3w. Aktualne imprezy bran\u017cowe: Archiwum imprez bran\u017cowych (dob\u00f3r):<\/p>\n","protected":false},"author":1,"featured_media":0,"comment_status":"open","ping_status":"open","sticky":false,"template":"","format":"standard","meta":{"footnotes":""},"categories":[1],"tags":[],"class_list":["post-21","post","type-post","status-publish","format-standard","category-allgemein"],"yoast_head":"<!-- This site is optimized with the Yoast SEO plugin v28.1 - https:\/\/yoast.com\/product\/yoast-seo-wordpress\/ -->\n<title>Wydarzenia - ICOB :: Investor Center Ostbrandenburg GmbH<\/title>\n<meta name=\"robots\" content=\"index, follow, max-snippet:-1, max-image-preview:large, max-video-preview:-1\" \/>\n<link rel=\"canonical\" href=\"https:\/\/www.icob.de\/veranstaltungen\/\" \/>\n<meta property=\"og:locale\" content=\"pl_PL\" \/>\n<meta property=\"og:type\" content=\"article\" \/>\n<meta property=\"og:title\" content=\"[:de]Veranstaltungen[:en]Events[:pl]Wydarzenia[:zh]\u4f1a\u8bae\u6d3b\u52a8[:] - ICOB :: Investor Center Ostbrandenburg GmbH\" \/>\n<meta property=\"og:description\" content=\"Tutaj prezentujemy informacje o aktualnych imprezach bran\u017cowych oraz targach. Prosz\u0119 skorzysta\u0107 z okazji i um\u00f3wi\u0107 termin spotkania na miejscu z jednym z naszych pracownik\u00f3w. Aktualne imprezy bran\u017cowe: Archiwum imprez bran\u017cowych (dob\u00f3r):\" \/>\n<meta property=\"og:url\" content=\"https:\/\/www.icob.de\/veranstaltungen\/\" \/>\n<meta property=\"og:site_name\" content=\"ICOB :: Investor Center Ostbrandenburg GmbH\" \/>\n<meta property=\"article:published_time\" content=\"2000-10-02T13:36:08+00:00\" \/>\n<meta property=\"article:modified_time\" content=\"2025-03-12T16:56:25+00:00\" \/>\n<meta property=\"og:image\" content=\"https:\/\/www.icob.de\/wp-content\/uploads\/collage_veranstaltungen_klein.jpg\" \/>\n\t<meta property=\"og:image:width\" content=\"168\" \/>\n\t<meta property=\"og:image:height\" content=\"137\" \/>\n\t<meta property=\"og:image:type\" content=\"image\/jpeg\" \/>\n<meta name=\"author\" content=\"janczak\" \/>\n<meta name=\"twitter:card\" content=\"summary_large_image\" \/>\n<meta name=\"twitter:label1\" content=\"Napisane przez\" \/>\n\t<meta name=\"twitter:data1\" content=\"janczak\" \/>\n\t<meta name=\"twitter:label2\" content=\"Szacowany czas czytania\" \/>\n\t<meta name=\"twitter:data2\" content=\"9 minut\" \/>\n<script type=\"application\/ld+json\" class=\"yoast-schema-graph\">{\"@context\":\"https:\\\/\\\/schema.org\",\"@graph\":[{\"@type\":\"Article\",\"@id\":\"https:\\\/\\\/www.icob.de\\\/veranstaltungen\\\/#article\",\"isPartOf\":{\"@id\":\"https:\\\/\\\/www.icob.de\\\/veranstaltungen\\\/\"},\"author\":{\"name\":\"janczak\",\"@id\":\"https:\\\/\\\/www.icob.de\\\/#\\\/schema\\\/person\\\/56fdb7c9a38153ad5c3c9d5ac4f78469\"},\"headline\":\"Wydarzenia\",\"datePublished\":\"2000-10-02T13:36:08+00:00\",\"dateModified\":\"2025-03-12T16:56:25+00:00\",\"mainEntityOfPage\":{\"@id\":\"https:\\\/\\\/www.icob.de\\\/veranstaltungen\\\/\"},\"wordCount\":5925,\"commentCount\":0,\"image\":{\"@id\":\"https:\\\/\\\/www.icob.de\\\/veranstaltungen\\\/#primaryimage\"},\"thumbnailUrl\":\"https:\\\/\\\/www.icob.de\\\/wp-content\\\/uploads\\\/collage_veranstaltungen_klein.jpg\",\"articleSection\":[\"Allgemein\"],\"inLanguage\":\"pl-PL\",\"potentialAction\":[{\"@type\":\"CommentAction\",\"name\":\"Comment\",\"target\":[\"https:\\\/\\\/www.icob.de\\\/veranstaltungen\\\/#respond\"]}]},{\"@type\":\"WebPage\",\"@id\":\"https:\\\/\\\/www.icob.de\\\/veranstaltungen\\\/\",\"url\":\"https:\\\/\\\/www.icob.de\\\/veranstaltungen\\\/\",\"name\":\"[:de]Veranstaltungen[:en]Events[:pl]Wydarzenia[:zh]\u4f1a\u8bae\u6d3b\u52a8[:] - ICOB :: Investor Center Ostbrandenburg GmbH\",\"isPartOf\":{\"@id\":\"https:\\\/\\\/www.icob.de\\\/#website\"},\"primaryImageOfPage\":{\"@id\":\"https:\\\/\\\/www.icob.de\\\/veranstaltungen\\\/#primaryimage\"},\"image\":{\"@id\":\"https:\\\/\\\/www.icob.de\\\/veranstaltungen\\\/#primaryimage\"},\"thumbnailUrl\":\"https:\\\/\\\/www.icob.de\\\/wp-content\\\/uploads\\\/collage_veranstaltungen_klein.jpg\",\"datePublished\":\"2000-10-02T13:36:08+00:00\",\"dateModified\":\"2025-03-12T16:56:25+00:00\",\"author\":{\"@id\":\"https:\\\/\\\/www.icob.de\\\/#\\\/schema\\\/person\\\/56fdb7c9a38153ad5c3c9d5ac4f78469\"},\"breadcrumb\":{\"@id\":\"https:\\\/\\\/www.icob.de\\\/veranstaltungen\\\/#breadcrumb\"},\"inLanguage\":\"pl-PL\",\"potentialAction\":[{\"@type\":\"ReadAction\",\"target\":[\"https:\\\/\\\/www.icob.de\\\/veranstaltungen\\\/\"]}]},{\"@type\":\"ImageObject\",\"inLanguage\":\"pl-PL\",\"@id\":\"https:\\\/\\\/www.icob.de\\\/veranstaltungen\\\/#primaryimage\",\"url\":\"https:\\\/\\\/www.icob.de\\\/wp-content\\\/uploads\\\/collage_veranstaltungen_klein.jpg\",\"contentUrl\":\"https:\\\/\\\/www.icob.de\\\/wp-content\\\/uploads\\\/collage_veranstaltungen_klein.jpg\"},{\"@type\":\"BreadcrumbList\",\"@id\":\"https:\\\/\\\/www.icob.de\\\/veranstaltungen\\\/#breadcrumb\",\"itemListElement\":[{\"@type\":\"ListItem\",\"position\":1,\"name\":\"Startseite\",\"item\":\"https:\\\/\\\/www.icob.de\\\/\"},{\"@type\":\"ListItem\",\"position\":2,\"name\":\"Veranstaltungen\"}]},{\"@type\":\"WebSite\",\"@id\":\"https:\\\/\\\/www.icob.de\\\/#website\",\"url\":\"https:\\\/\\\/www.icob.de\\\/\",\"name\":\"ICOB :: Investor Center Ostbrandenburg GmbH\",\"description\":\"\",\"potentialAction\":[{\"@type\":\"SearchAction\",\"target\":{\"@type\":\"EntryPoint\",\"urlTemplate\":\"https:\\\/\\\/www.icob.de\\\/?s={search_term_string}\"},\"query-input\":{\"@type\":\"PropertyValueSpecification\",\"valueRequired\":true,\"valueName\":\"search_term_string\"}}],\"inLanguage\":\"pl-PL\"},{\"@type\":\"Person\",\"@id\":\"https:\\\/\\\/www.icob.de\\\/#\\\/schema\\\/person\\\/56fdb7c9a38153ad5c3c9d5ac4f78469\",\"name\":\"janczak\",\"url\":\"https:\\\/\\\/www.icob.de\\\/pl\\\/author\\\/janczak\\\/\"}]}<\/script>\n<!-- \/ Yoast SEO plugin. -->","yoast_head_json":{"title":"[:de]Veranstaltungen[:en]Events[:pl]Wydarzenia[:zh]\u4f1a\u8bae\u6d3b\u52a8[:] - ICOB :: Investor Center Ostbrandenburg GmbH","robots":{"index":"index","follow":"follow","max-snippet":"max-snippet:-1","max-image-preview":"max-image-preview:large","max-video-preview":"max-video-preview:-1"},"canonical":"https:\/\/www.icob.de\/veranstaltungen\/","og_locale":"pl_PL","og_type":"article","og_title":"[:de]Veranstaltungen[:en]Events[:pl]Wydarzenia[:zh]\u4f1a\u8bae\u6d3b\u52a8[:] - ICOB :: Investor Center Ostbrandenburg GmbH","og_description":"Tutaj prezentujemy informacje o aktualnych imprezach bran\u017cowych oraz targach. Prosz\u0119 skorzysta\u0107 z okazji i um\u00f3wi\u0107 termin spotkania na miejscu z jednym z naszych pracownik\u00f3w. Aktualne imprezy bran\u017cowe: Archiwum imprez bran\u017cowych (dob\u00f3r):","og_url":"https:\/\/www.icob.de\/veranstaltungen\/","og_site_name":"ICOB :: Investor Center Ostbrandenburg GmbH","article_published_time":"2000-10-02T13:36:08+00:00","article_modified_time":"2025-03-12T16:56:25+00:00","og_image":[{"width":168,"height":137,"url":"https:\/\/www.icob.de\/wp-content\/uploads\/collage_veranstaltungen_klein.jpg","type":"image\/jpeg"}],"author":"janczak","twitter_card":"summary_large_image","twitter_misc":{"Napisane przez":"janczak","Szacowany czas czytania":"9 minut"},"schema":{"@context":"https:\/\/schema.org","@graph":[{"@type":"Article","@id":"https:\/\/www.icob.de\/veranstaltungen\/#article","isPartOf":{"@id":"https:\/\/www.icob.de\/veranstaltungen\/"},"author":{"name":"janczak","@id":"https:\/\/www.icob.de\/#\/schema\/person\/56fdb7c9a38153ad5c3c9d5ac4f78469"},"headline":"Wydarzenia","datePublished":"2000-10-02T13:36:08+00:00","dateModified":"2025-03-12T16:56:25+00:00","mainEntityOfPage":{"@id":"https:\/\/www.icob.de\/veranstaltungen\/"},"wordCount":5925,"commentCount":0,"image":{"@id":"https:\/\/www.icob.de\/veranstaltungen\/#primaryimage"},"thumbnailUrl":"https:\/\/www.icob.de\/wp-content\/uploads\/collage_veranstaltungen_klein.jpg","articleSection":["Allgemein"],"inLanguage":"pl-PL","potentialAction":[{"@type":"CommentAction","name":"Comment","target":["https:\/\/www.icob.de\/veranstaltungen\/#respond"]}]},{"@type":"WebPage","@id":"https:\/\/www.icob.de\/veranstaltungen\/","url":"https:\/\/www.icob.de\/veranstaltungen\/","name":"[:de]Veranstaltungen[:en]Events[:pl]Wydarzenia[:zh]\u4f1a\u8bae\u6d3b\u52a8[:] - ICOB :: Investor Center Ostbrandenburg GmbH","isPartOf":{"@id":"https:\/\/www.icob.de\/#website"},"primaryImageOfPage":{"@id":"https:\/\/www.icob.de\/veranstaltungen\/#primaryimage"},"image":{"@id":"https:\/\/www.icob.de\/veranstaltungen\/#primaryimage"},"thumbnailUrl":"https:\/\/www.icob.de\/wp-content\/uploads\/collage_veranstaltungen_klein.jpg","datePublished":"2000-10-02T13:36:08+00:00","dateModified":"2025-03-12T16:56:25+00:00","author":{"@id":"https:\/\/www.icob.de\/#\/schema\/person\/56fdb7c9a38153ad5c3c9d5ac4f78469"},"breadcrumb":{"@id":"https:\/\/www.icob.de\/veranstaltungen\/#breadcrumb"},"inLanguage":"pl-PL","potentialAction":[{"@type":"ReadAction","target":["https:\/\/www.icob.de\/veranstaltungen\/"]}]},{"@type":"ImageObject","inLanguage":"pl-PL","@id":"https:\/\/www.icob.de\/veranstaltungen\/#primaryimage","url":"https:\/\/www.icob.de\/wp-content\/uploads\/collage_veranstaltungen_klein.jpg","contentUrl":"https:\/\/www.icob.de\/wp-content\/uploads\/collage_veranstaltungen_klein.jpg"},{"@type":"BreadcrumbList","@id":"https:\/\/www.icob.de\/veranstaltungen\/#breadcrumb","itemListElement":[{"@type":"ListItem","position":1,"name":"Startseite","item":"https:\/\/www.icob.de\/"},{"@type":"ListItem","position":2,"name":"Veranstaltungen"}]},{"@type":"WebSite","@id":"https:\/\/www.icob.de\/#website","url":"https:\/\/www.icob.de\/","name":"ICOB :: Investor Center Ostbrandenburg GmbH","description":"","potentialAction":[{"@type":"SearchAction","target":{"@type":"EntryPoint","urlTemplate":"https:\/\/www.icob.de\/?s={search_term_string}"},"query-input":{"@type":"PropertyValueSpecification","valueRequired":true,"valueName":"search_term_string"}}],"inLanguage":"pl-PL"},{"@type":"Person","@id":"https:\/\/www.icob.de\/#\/schema\/person\/56fdb7c9a38153ad5c3c9d5ac4f78469","name":"janczak","url":"https:\/\/www.icob.de\/pl\/author\/janczak\/"}]}},"_links":{"self":[{"href":"https:\/\/www.icob.de\/pl\/wp-json\/wp\/v2\/posts\/21","targetHints":{"allow":["GET"]}}],"collection":[{"href":"https:\/\/www.icob.de\/pl\/wp-json\/wp\/v2\/posts"}],"about":[{"href":"https:\/\/www.icob.de\/pl\/wp-json\/wp\/v2\/types\/post"}],"author":[{"embeddable":true,"href":"https:\/\/www.icob.de\/pl\/wp-json\/wp\/v2\/users\/1"}],"replies":[{"embeddable":true,"href":"https:\/\/www.icob.de\/pl\/wp-json\/wp\/v2\/comments?post=21"}],"version-history":[{"count":0,"href":"https:\/\/www.icob.de\/pl\/wp-json\/wp\/v2\/posts\/21\/revisions"}],"wp:attachment":[{"href":"https:\/\/www.icob.de\/pl\/wp-json\/wp\/v2\/media?parent=21"}],"wp:term":[{"taxonomy":"category","embeddable":true,"href":"https:\/\/www.icob.de\/pl\/wp-json\/wp\/v2\/categories?post=21"},{"taxonomy":"post_tag","embeddable":true,"href":"https:\/\/www.icob.de\/pl\/wp-json\/wp\/v2\/tags?post=21"}],"curies":[{"name":"wp","href":"https:\/\/api.w.org\/{rel}","templated":true}]}}